{"id":8101,"global_id":"taennlegeister.de\/crm?id=8101","global_id_lineage":["taennlegeister.de\/crm?id=8101"],"author":"1","status":"publish","date":"2024-12-06 10:34:16","date_utc":"2024-12-06 09:34:16","modified":"2026-02-02 09:40:03","modified_utc":"2026-02-02 08:40:03","url":"https:\/\/taennlegeister.de\/crm\/event\/bad-duerrheim\/","rest_url":"https:\/\/taennlegeister.de\/crm\/wp-json\/tribe\/events\/v1\/events\/8101","title":"Umzug Bad D\u00fcrrheim","description":"<p>Unser Bus f\u00e4hrt 2x<br \/>\nStartplatz 24<br \/>\nAufstellung in der Schwenninger Stra\u00dfe<br \/>\nBeginn: 14:00 Uhr<\/p>\n<p><a href=\"https:\/\/i0.wp.com\/taennlegeister.de\/crm\/wp-content\/uploads\/2024\/12\/Aufstellung-BD.png?ssl=1\"><img data-recalc-dims=\"1\" loading=\"lazy\" decoding=\"async\" data-attachment-id=\"10605\" data-permalink=\"https:\/\/taennlegeister.de\/crm\/event\/bad-duerrheim\/aufstellung-bd\/\" data-orig-file=\"https:\/\/i0.wp.com\/taennlegeister.de\/crm\/wp-content\/uploads\/2024\/12\/Aufstellung-BD.png?fit=685%2C684&amp;ssl=1\" data-orig-size=\"685,684\" data-comments-opened=\"0\" data-image-meta=\"{&quot;aperture&quot;:&quot;0&quot;,&quot;credit&quot;:&quot;&quot;,&quot;camera&quot;:&quot;&quot;,&quot;caption&quot;:&quot;&quot;,&quot;created_timestamp&quot;:&quot;0&quot;,&quot;copyright&quot;:&quot;&quot;,&quot;focal_length&quot;:&quot;0&quot;,&quot;iso&quot;:&quot;0&quot;,&quot;shutter_speed&quot;:&quot;0&quot;,&quot;title&quot;:&quot;&quot;,&quot;orientation&quot;:&quot;0&quot;}\" data-image-title=\"Aufstellung BD\" data-image-description=\"\" data-image-caption=\"\" data-large-file=\"https:\/\/i0.wp.com\/taennlegeister.de\/crm\/wp-content\/uploads\/2024\/12\/Aufstellung-BD.png?fit=685%2C684&amp;ssl=1\" class=\"aligncenter size-medium wp-image-10605\" src=\"https:\/\/i0.wp.com\/taennlegeister.de\/crm\/wp-content\/uploads\/2024\/12\/Aufstellung-BD.png?resize=300%2C300&#038;ssl=1\" alt=\"\" width=\"300\" height=\"300\" srcset=\"https:\/\/i0.wp.com\/taennlegeister.de\/crm\/wp-content\/uploads\/2024\/12\/Aufstellung-BD.png?resize=300%2C300&amp;ssl=1 300w, https:\/\/i0.wp.com\/taennlegeister.de\/crm\/wp-content\/uploads\/2024\/12\/Aufstellung-BD.png?resize=150%2C150&amp;ssl=1 150w, https:\/\/i0.wp.com\/taennlegeister.de\/crm\/wp-content\/uploads\/2024\/12\/Aufstellung-BD.png?w=685&amp;ssl=1 685w\" sizes=\"auto, (max-width: 300px) 100vw, 300px\" \/><\/a><\/p>\n<a href=\"https:\/\/taennlegeister.de\/crm\/wp-content\/uploads\/2024\/12\/NZBD_2026_Fasnetflyer_komp.pdf\" class=\"pdfemb-viewer\" style=\"height:500px;\" data-width=\"max\" data-height=\"500\" data-toolbar=\"top\" data-toolbar-fixed=\"on\">NZBD_2026_Fasnetflyer_komp<\/a>\n<p>&nbsp;<\/p>","excerpt":"","slug":"bad-duerrheim","image":false,"all_day":false,"start_date":"2026-02-16 12:00:00","start_date_details":{"year":"2026","month":"02","day":"16","hour":"12","minutes":"00","seconds":"00"},"end_date":"2026-02-16 17:00:00","end_date_details":{"year":"2026","month":"02","day":"16","hour":"17","minutes":"00","seconds":"00"},"utc_start_date":"2026-02-16 11:00:00","utc_start_date_details":{"year":"2026","month":"02","day":"16","hour":"11","minutes":"00","seconds":"00"},"utc_end_date":"2026-02-16 16:00:00","utc_end_date_details":{"year":"2026","month":"02","day":"16","hour":"16","minutes":"00","seconds":"00"},"timezone":"Europe\/Berlin","timezone_abbr":"CET","cost":"","cost_details":{"currency_symbol":"\u20ac","currency_code":"EUR","currency_position":"suffix","values":[]},"website":"https:\/\/narrenzunft-badduerrheim.de\/","show_map":true,"show_map_link":true,"hide_from_listings":false,"sticky":false,"featured":false,"categories":[{"name":"Umzug","slug":"umzug","term_group":0,"term_taxonomy_id":77,"taxonomy":"tribe_events_cat","description":"","parent":0,"count":10,"filter":"raw","id":77,"urls":{"self":"https:\/\/taennlegeister.de\/crm\/wp-json\/tribe\/events\/v1\/categories\/77","collection":"https:\/\/taennlegeister.de\/crm\/wp-json\/tribe\/events\/v1\/categories"}}],"tags":[],"venue":{"id":7602,"author":"1","status":"publish","date":"2022-12-21 13:31:42","date_utc":"2022-12-21 12:31:42","modified":"2022-12-21 13:31:42","modified_utc":"2022-12-21 12:31:42","url":"https:\/\/taennlegeister.de\/crm\/veranstaltungsort\/bad-duerrheim\/","venue":"Bad D\u00fcrrheim","slug":"bad-duerrheim","json_ld":{"@type":"Place","name":"Bad D\u00fcrrheim","description":"","url":"","address":{"@type":"PostalAddress"},"telephone":"","sameAs":""},"show_map":true,"show_map_link":true,"global_id":"taennlegeister.de\/crm?id=7602","global_id_lineage":["taennlegeister.de\/crm?id=7602"]},"organizer":[],"custom_fields":[],"json_ld":{"@context":"http:\/\/schema.org","@type":"Event","name":"Umzug Bad D\u00fcrrheim","description":"&lt;p&gt;Unser Bus f\u00e4hrt 2x Startplatz 24 Aufstellung in der Schwenninger Stra\u00dfe Beginn: 14:00 Uhr &nbsp;&lt;\/p&gt;\\n","url":"https:\/\/taennlegeister.de\/crm\/event\/bad-duerrheim\/","eventAttendanceMode":"https:\/\/schema.org\/OfflineEventAttendanceMode","eventStatus":"https:\/\/schema.org\/EventScheduled","startDate":"2026-02-16T12:00:00+01:00","endDate":"2026-02-16T17:00:00+01:00","location":{"@type":"Place","name":"Bad D\u00fcrrheim","description":"","url":"","address":{"@type":"PostalAddress"},"telephone":"","sameAs":""},"performer":"Organization"}}